{"id":1339,"date":"2026-04-12T03:58:29","date_gmt":"2026-04-12T06:58:29","guid":{"rendered":"https:\/\/radioutubeoreiestavoltando.sitetopfm.com.br\/site\/comissao-discute-desafios-do-instituto-nacional-de-meteorologia-frente-a-mudancas-climaticas-noticias\/"},"modified":"2026-04-12T03:58:29","modified_gmt":"2026-04-12T06:58:29","slug":"comissao-discute-desafios-do-instituto-nacional-de-meteorologia-frente-a-mudancas-climaticas-noticias","status":"publish","type":"post","link":"https:\/\/radioutubeoreiestavoltando.sitetopfm.com.br\/site\/comissao-discute-desafios-do-instituto-nacional-de-meteorologia-frente-a-mudancas-climaticas-noticias\/","title":{"rendered":"Comiss\u00e3o discute desafios do Instituto Nacional de Meteorologia frente a mudan\u00e7as clim\u00e1ticas &#8211; Not\u00edcias"},"content":{"rendered":"<p> <br \/>\n<\/p>\n<div>\n<div>\n<p class=\"g-artigo__data-hora\">\n\t\t\t\t\t\t\t\t\t\t\t09\/04\/2026 &#8211; 07:53 \u00a0\n\t\t\t\t\t\t\t\t\t\t<\/p>\n<div id=\"image-container-1261167\" class=\"image-container\" style=\"float: none; margin: 45px 0px; width: 100%;\" data-midia=\"1261167\">\n<p><em>Kayo Magalh\u00e3es \/ C\u00e2mara dos Deputados<\/em><\/p>\n<p>Erika Kokay prop\u00f4s a realiza\u00e7\u00e3o do debate<\/p>\n<\/p><\/div>\n<p>A Comiss\u00e3o de Administra\u00e7\u00e3o e Servi\u00e7o P\u00fablico da C\u00e2mara dos Deputados promove audi\u00eancia p\u00fablica nesta quinta-feira (9) para discutir as perspectivas e os desafios do Instituto Nacional de Meteorologia (Inmet) diante das mudan\u00e7as clim\u00e1ticas.<\/p>\n<p>A reuni\u00e3o ser\u00e1 realizada no plen\u00e1rio 8, \u00e0s 15 horas.<\/p>\n<p>O debate foi solicitado pela deputada Erika Kokay (PT-DF). Ela destaca a import\u00e2ncia de fortalecer o Inmet devido ao aumento de eventos extremos, como secas prolongadas, chuvas intensas, ondas de calor e tempestades severas.<\/p>\n<p>A parlamentar acrescenta que o \u00f3rg\u00e3o desempenha papel essencial na produ\u00e7\u00e3o de dados, no monitoramento do tempo e do clima e na emiss\u00e3o de alertas que subsidiam pol\u00edticas p\u00fablicas e decis\u00f5es governamentais.<\/p>\n<p>&#8220;O Inmet enfrenta dificuldades relacionadas \u00e0 moderniza\u00e7\u00e3o tecnol\u00f3gica, \u00e0 recomposi\u00e7\u00e3o de pessoal, \u00e0 manuten\u00e7\u00e3o da infraestrutura e \u00e0 amplia\u00e7\u00e3o da capacidade de resposta&#8221;, listou Erika Kokay.<\/p>\n<p style=\"font-size: 0.8rem; font-weight: 700;\">Da Reda\u00e7\u00e3o \u2013 MO<\/p>\n<\/p><\/div>\n<\/p><\/div>\n<p><br \/>\n<br \/><a href=\"https:\/\/www.camara.leg.br\/noticias\/1261117-comissao-discute-desafios-do-instituto-nacional-de-meteorologia-frente-a-mudancas-climaticas\/\">postagem original <\/a><\/p>\n","protected":false},"excerpt":{"rendered":"<p>09\/04\/2026 &#8211; 07:53 \u00a0 Kayo Magalh\u00e3es \/ C\u00e2mara dos Deputados Erika Kokay prop\u00f4s a realiza\u00e7\u00e3o do debate A Comiss\u00e3o de Administra\u00e7\u00e3o e Servi\u00e7o P\u00fablico da C\u00e2mara dos Deputados promove audi\u00eancia p\u00fablica nesta quinta-feira (9) para discutir as perspectivas e os desafios do Instituto Nacional de Meteorologia (Inmet) diante das mudan\u00e7as clim\u00e1ticas. A reuni\u00e3o ser\u00e1 realizada [&hellip;]<\/p>\n","protected":false},"author":1,"featured_media":1340,"comment_status":"open","ping_status":"open","sticky":false,"template":"","format":"standard","meta":{"_joinchat":[],"footnotes":""},"categories":[19],"tags":[],"_links":{"self":[{"href":"https:\/\/radioutubeoreiestavoltando.sitetopfm.com.br\/site\/wp-json\/wp\/v2\/posts\/1339"}],"collection":[{"href":"https:\/\/radioutubeoreiestavoltando.sitetopfm.com.br\/site\/wp-json\/wp\/v2\/posts"}],"about":[{"href":"https:\/\/radioutubeoreiestavoltando.sitetopfm.com.br\/site\/wp-json\/wp\/v2\/types\/post"}],"author":[{"embeddable":true,"href":"https:\/\/radioutubeoreiestavoltando.sitetopfm.com.br\/site\/wp-json\/wp\/v2\/users\/1"}],"replies":[{"embeddable":true,"href":"https:\/\/radioutubeoreiestavoltando.sitetopfm.com.br\/site\/wp-json\/wp\/v2\/comments?post=1339"}],"version-history":[{"count":0,"href":"https:\/\/radioutubeoreiestavoltando.sitetopfm.com.br\/site\/wp-json\/wp\/v2\/posts\/1339\/revisions"}],"wp:featuredmedia":[{"embeddable":true,"href":"https:\/\/radioutubeoreiestavoltando.sitetopfm.com.br\/site\/wp-json\/wp\/v2\/media\/1340"}],"wp:attachment":[{"href":"https:\/\/radioutubeoreiestavoltando.sitetopfm.com.br\/site\/wp-json\/wp\/v2\/media?parent=1339"}],"wp:term":[{"taxonomy":"category","embeddable":true,"href":"https:\/\/radioutubeoreiestavoltando.sitetopfm.com.br\/site\/wp-json\/wp\/v2\/categories?post=1339"},{"taxonomy":"post_tag","embeddable":true,"href":"https:\/\/radioutubeoreiestavoltando.sitetopfm.com.br\/site\/wp-json\/wp\/v2\/tags?post=1339"}],"curies":[{"name":"wp","href":"https:\/\/api.w.org\/{rel}","templated":true}]}}