{"id":1349,"date":"2026-04-13T21:33:51","date_gmt":"2026-04-14T00:33:51","guid":{"rendered":"https:\/\/radioutubeoreiestavoltando.sitetopfm.com.br\/site\/por-que-somos-assim-palavras-da-verdade\/"},"modified":"2026-04-13T21:33:51","modified_gmt":"2026-04-14T00:33:51","slug":"por-que-somos-assim-palavras-da-verdade","status":"publish","type":"post","link":"https:\/\/radioutubeoreiestavoltando.sitetopfm.com.br\/site\/por-que-somos-assim-palavras-da-verdade\/","title":{"rendered":"Por que somos assim? &#8211; Palavras da Verdade"},"content":{"rendered":"<p> <br \/>\n<\/p>\n<div>\n<p>De certa forma e de muitas maneiras, n\u00f3s n\u00e3o entendemos quem somos n\u00f3s, nem porque reagimos de tal maneira, ao ponto de estranhamos a n\u00f3s mesmos.<\/p>\n<p>Muitas vezes sabemos que o que fizemos e ainda fazemos; n\u00e3o \u00e9 legal, n\u00e3o \u00e9 justo; fere a nossa consci\u00eancia, todavia, continuamos fazendo. Isto \u00e9, reprovamos os nossos pr\u00f3prios atos.<\/p>\n<p>Mesmo sabendo que o que pretendemos fazer, vai nos trazer preju\u00edzos morais, familiares, profissionais e sociais. E que aos olhos de Deus seremos reprovados; somos impulsionados fazer.<\/p>\n<p>Parece que h\u00e1 uma for\u00e7a, uma influ\u00eancia, uma tend\u00eancia que suplanta a sensibilidade da nossa consci\u00eancia e vontade. E somos levados como ovelha ao matadouro.<\/p>\n<p>Aquilo que n\u00e3o vai nos trazer proveitos, gl\u00f3rias, honrarias e aplausos; contudo, aventuramos \u00e0 nossa sorte, como correr no escuro. <\/p>\n<p>Ariscamos ser reprovados, censurados. Motivo de desprezo, de revolta, de tristeza e abatimento ao nosso pr\u00f3ximo. Como um marido trai sua fiel dedicada e sincera esposa. Fica o homem como entorpecido, hipnotizado, mareado, sem firmeza do que poder\u00e1 de preju\u00edzo acontecer.<\/p>\n<p>Sua consci\u00eancia parece n\u00e3o existir, n\u00e3o reagir, n\u00e3o se agravar com o mal diante de si.<\/p>\n<p>Na verdade, o homem n\u00e3o conhece a si mesmo. Quantos indagam: <i>Meu Deus! Por que eu fiz isto? Por que falei assim? Eu n\u00e3o queria fazer aquilo. Como pensei t\u00e3o mal assim? Eu n\u00e3o devia ter julgado daquela maneira! Como fiz isto? Eu n\u00e3o devia ter deixado acontecer.<\/i><\/p>\n<p>E depois sofre as consequ\u00eancias da sua falta de cuidado, de prud\u00eancia, de confian\u00e7a em s\u00ed mesmo sem perscrutar. Mas o mal j\u00e1 est\u00e1 feito e custar\u00e1 caro a sua recupera\u00e7\u00e3o e as vezes nem recupera mais.<\/p>\n<p>Jesus advertiu: Pelas tuas palavras ser\u00e1s justificado e pelas tuas palavras ser\u00e1s condenado. (Mateus 12.37).<\/p>\n<p>A advert\u00eancia do s\u00e1bio Salom\u00e3o nos diz assim: <a name=\"6\" href=\"https:\/\/www.ggospel.com.br\/?utm_source=www.ggospel.com.br&amp;utm_medium=referral&amp;utm_content=portal_primenews&amp;utm_campaign=hotfixpress\" target=\"_blank\" rel=\"noopener\">N\u00e3o consintas que a tua boca fa\u00e7a pecar a tua carne, nem digas diante do anjo que foi erro: por que raz\u00e3o se iraria Deus contra a tua voz, de sorte que destru\u00edsse a obra das tuas m\u00e3os?<\/p>\n<p><a name=\"7\" href=\"https:\/\/www.ggospel.com.br\/?utm_source=www.ggospel.com.br&amp;utm_medium=referral&amp;utm_content=portal_primenews&amp;utm_campaign=hotfixpress\" target=\"_blank\" rel=\"noopener\">Porque, como na multid\u00e3o dos sonhos h\u00e1 vaidade, assim, tamb\u00e9m, nas muitas palavras: mas tu teme a Deus. (Ecleisastes 5.6,7).<\/p>\n<p>Jovens Russos que deram a sua vida, seu futuro pelas ideologias comunistas, quando o comunismo na Russia acabou. Por que gastei minha mocidade nessa ilus\u00e3o?<\/p>\n<p>Quantos est\u00e3o perguntando, depois que abandonaram a sua f\u00e9 em Cristo e a igreja onde tinha paz e comunh\u00e3o com os crentes. Por que me iludi, me dedicando somente \u00e1s coisas do mundo com seus pecados? Ou por que deixei me levar pelas heresias e por um evangelho fantasioso? Gl 1.6-9<\/p>\n<div class=\"banblock\"><a href=\"https:\/\/www.fixedigital.com\/tapete-personalizado-em-resende-rj\" target=\"_blank\" rel=\"noopener\"><img fetchpriority=\"high\" decoding=\"async\" src=\"https:\/\/www.ggospel.com.br\/hf-conteudo\/uploads\/campanhas\/_149e9677a5989fd342ae44213df68868.jpg\" alt=\"Tapete Personalizado\" width=\"300\" height=\"300\" class=\"img-responsive\"\/><\/a><\/div>\n<p>O apostolo Paulo, homem chamado por Deus para ser o Seu apostolo, gemia e se contorcia dentro de si mesmo exclamando diante das rea\u00e7\u00f5es e a\u00e7\u00f5es reprovadas e motivadas pela sua natureza carnal. Paulo sabia do rigor da lei de Deus e se expurgava dizendo: <a name=\"18\" href=\"https:\/\/www.ggospel.com.br\/?utm_source=www.ggospel.com.br&amp;utm_medium=referral&amp;utm_content=portal_primenews&amp;utm_campaign=hotfixpress\" target=\"_blank\" rel=\"noopener\">Porque eu sei que, em mim, isto \u00e9, na minha carne, n\u00e3o habita bem algum; e, com efeito, o querer est\u00e1 em mim, mas n\u00e3o consigo realizar o bem.<a name=\"19\" href=\"https:\/\/www.ggospel.com.br\/?utm_source=www.ggospel.com.br&amp;utm_medium=referral&amp;utm_content=portal_primenews&amp;utm_campaign=hotfixpress\" target=\"_blank\" rel=\"noopener\"> Porque n\u00e3o fa\u00e7o o bem que quero, mas, o mal que n\u00e3o quero, esse fa\u00e7o.<a name=\"20\" href=\"https:\/\/www.ggospel.com.br\/?utm_source=www.ggospel.com.br&amp;utm_medium=referral&amp;utm_content=portal_primenews&amp;utm_campaign=hotfixpress\" target=\"_blank\" rel=\"noopener\"> Ora, se eu fa\u00e7o o que n\u00e3o quero, j\u00e1 o n\u00e3o fa\u00e7o eu, mas o pecado que habita em mim.<a name=\"21\" href=\"https:\/\/www.ggospel.com.br\/?utm_source=www.ggospel.com.br&amp;utm_medium=referral&amp;utm_content=portal_primenews&amp;utm_campaign=hotfixpress\" target=\"_blank\" rel=\"noopener\"> Acho, ent\u00e3o, esta lei em mim: que, quando quero fazer o bem, o mal est\u00e1 comigo.<a name=\"22\" href=\"https:\/\/www.ggospel.com.br\/?utm_source=www.ggospel.com.br&amp;utm_medium=referral&amp;utm_content=portal_primenews&amp;utm_campaign=hotfixpress\" target=\"_blank\" rel=\"noopener\">..<\/p>\n<p><a name=\"24\" href=\"https:\/\/www.ggospel.com.br\/?utm_source=www.ggospel.com.br&amp;utm_medium=referral&amp;utm_content=portal_primenews&amp;utm_campaign=hotfixpress\" target=\"_blank\" rel=\"noopener\">Miser\u00e1vel homem que eu sou! quem me livrar\u00e1 do corpo desta morte? (Romanos 7.18-24).<\/p>\n<p>Mas, o que Paulo f\u00eaz para se aproximar de Deus? Negou-se a s\u00ed mesmo, tomou sua cruz. Matou suas paix\u00f5es carnais e foi vitorioso.<\/p>\n<p>O salmista, homem de Deus, n\u00e3o tinha conhecimento da sua real natureza, nem das suas rea\u00e7\u00f5es e a\u00e7\u00f5es e com sinceridade falava com Deus dizendo: Sonda-me, \u00f3 Deus, e conhece o meu cora\u00e7\u00e3o: prova-me, e conhece os meus pensamentos.<\/p>\n<p>E v\u00ea se h\u00e1 em mim algum caminho mau, e guia-me pelo caminho eterno. (Salmos 139.23,24). O salmista queria agradar a Deus e n\u00e3o delinquir contra Ele.<\/p>\n<p>Existem muitos fatores que nos deixam deprimidos, prisioneiros dessas paix\u00f5es que nos tira a liberdade de sermos pessoas de bem.<\/p>\n<p>E como conseguir uma vida regular, equilibrada e sadia?<\/p>\n<p>No evangelho de Jesus Cristo, nas cartas dos seus ap\u00f3stolos. Voc\u00ea encontrar\u00e1 como o homem pode viver bem consigo mesmo, com seu pr\u00f3ximo e com Deus. <\/p>\n<\/div>\n<p><br \/>\n<br \/><a href=\"https:\/\/www.ggospel.com.br\/coluna\/prjoseedson\/25-por-que-somos-assim.html\">postagem original <\/a><\/p>\n","protected":false},"excerpt":{"rendered":"<p>De certa forma e de muitas maneiras, n\u00f3s n\u00e3o entendemos quem somos n\u00f3s, nem porque reagimos de tal maneira, ao ponto de estranhamos a n\u00f3s mesmos. Muitas vezes sabemos que o que fizemos e ainda fazemos; n\u00e3o \u00e9 legal, n\u00e3o \u00e9 justo; fere a nossa consci\u00eancia, todavia, continuamos fazendo. Isto \u00e9, reprovamos os nossos pr\u00f3prios [&hellip;]<\/p>\n","protected":false},"author":1,"featured_media":1350,"comment_status":"open","ping_status":"open","sticky":false,"template":"","format":"standard","meta":{"_joinchat":[],"footnotes":""},"categories":[12],"tags":[],"_links":{"self":[{"href":"https:\/\/radioutubeoreiestavoltando.sitetopfm.com.br\/site\/wp-json\/wp\/v2\/posts\/1349"}],"collection":[{"href":"https:\/\/radioutubeoreiestavoltando.sitetopfm.com.br\/site\/wp-json\/wp\/v2\/posts"}],"about":[{"href":"https:\/\/radioutubeoreiestavoltando.sitetopfm.com.br\/site\/wp-json\/wp\/v2\/types\/post"}],"author":[{"embeddable":true,"href":"https:\/\/radioutubeoreiestavoltando.sitetopfm.com.br\/site\/wp-json\/wp\/v2\/users\/1"}],"replies":[{"embeddable":true,"href":"https:\/\/radioutubeoreiestavoltando.sitetopfm.com.br\/site\/wp-json\/wp\/v2\/comments?post=1349"}],"version-history":[{"count":0,"href":"https:\/\/radioutubeoreiestavoltando.sitetopfm.com.br\/site\/wp-json\/wp\/v2\/posts\/1349\/revisions"}],"wp:featuredmedia":[{"embeddable":true,"href":"https:\/\/radioutubeoreiestavoltando.sitetopfm.com.br\/site\/wp-json\/wp\/v2\/media\/1350"}],"wp:attachment":[{"href":"https:\/\/radioutubeoreiestavoltando.sitetopfm.com.br\/site\/wp-json\/wp\/v2\/media?parent=1349"}],"wp:term":[{"taxonomy":"category","embeddable":true,"href":"https:\/\/radioutubeoreiestavoltando.sitetopfm.com.br\/site\/wp-json\/wp\/v2\/categories?post=1349"},{"taxonomy":"post_tag","embeddable":true,"href":"https:\/\/radioutubeoreiestavoltando.sitetopfm.com.br\/site\/wp-json\/wp\/v2\/tags?post=1349"}],"curies":[{"name":"wp","href":"https:\/\/api.w.org\/{rel}","templated":true}]}}