{"id":1352,"date":"2026-04-14T08:58:03","date_gmt":"2026-04-14T11:58:03","guid":{"rendered":"https:\/\/radioutubeoreiestavoltando.sitetopfm.com.br\/site\/cpi-do-crime-organizado-relator-pede-indiciamento-de-ministros-do-stf-e-do-pgr\/"},"modified":"2026-04-14T08:58:03","modified_gmt":"2026-04-14T11:58:03","slug":"cpi-do-crime-organizado-relator-pede-indiciamento-de-ministros-do-stf-e-do-pgr","status":"publish","type":"post","link":"https:\/\/radioutubeoreiestavoltando.sitetopfm.com.br\/site\/cpi-do-crime-organizado-relator-pede-indiciamento-de-ministros-do-stf-e-do-pgr\/","title":{"rendered":"CPI do Crime Organizado: Relator pede indiciamento de ministros do STF e do PGR"},"content":{"rendered":"<p> <br \/>\n<\/p>\n<div><!--?xml encoding=\"UTF-8\"--><\/p>\n<p>O <strong>senador <span class=\"hover:entity-accent entity-underline inline cursor-pointer align-baseline\"><span class=\"whitespace-normal\">Alessandro Vieira<\/span><\/span> (MDB-SE)<\/strong> apresenta nesta ter\u00e7a-feira (14) o relat\u00f3rio final da <strong>CPI do Crime Organizado.<\/strong> O documento pede o indiciamento por crimes de responsabilidade dos ministros do <strong>STF <span class=\"hover:entity-accent entity-underline inline cursor-pointer align-baseline\"><span class=\"whitespace-normal\">Dias Toffoli<\/span><\/span>, <span class=\"hover:entity-accent entity-underline inline cursor-pointer align-baseline\"><span class=\"whitespace-normal\">Alexandre de Moraes<\/span><\/span> e <span class=\"hover:entity-accent entity-underline inline cursor-pointer align-baseline\"><span class=\"whitespace-normal\">Gilmar Mendes<\/span><\/span>, al\u00e9m do procurador-geral <span class=\"hover:entity-accent entity-underline inline cursor-pointer align-baseline\"><span class=\"whitespace-normal\">Paulo Gonet<\/span><\/span>. <\/strong><\/p>\n<p data-start=\"0\" data-end=\"549\">Com mais de 200 p\u00e1ginas, o relat\u00f3rio tamb\u00e9m<strong> aponta avan\u00e7o de fac\u00e7\u00f5es, expans\u00e3o do crime organizado e sugere medidas para refor\u00e7ar a seguran\u00e7a p\u00fablica.<\/strong><\/p>\n<p data-start=\"551\" data-end=\"858\">A <strong>CPI \u00e9 encerrada ap\u00f3s n\u00e3o ser prorrogada pelo presidente do Senado, <span class=\"hover:entity-accent entity-underline inline cursor-pointer align-baseline\"><span class=\"whitespace-normal\">Davi Alcolumbre<\/span><\/span>.<\/strong> No \u00faltimo dia de atividades, era aguardado o depoimento do ex-governador do Rio, <strong><span class=\"hover:entity-accent entity-underline inline cursor-pointer align-baseline\"><span class=\"whitespace-normal\">Cl\u00e1udio Castro<\/span><\/span>,<\/strong> que informou na segunda-feira (13) que n\u00e3o compareceria por problemas de sa\u00fade.<\/p>\n<div class=\"banblock\"><a href=\"https:\/\/www.ifood.com.br\/delivery\/barra-mansa-rj\/fogao-gaucho-centro\/\" target=\"_blank\" rel=\"noopener\"><img fetchpriority=\"high\" decoding=\"async\" src=\"https:\/\/www.ggospel.com.br\/hf-conteudo\/uploads\/campanhas\/212_fa7cdfad1a5aaf8370ebeda47a1ff1c3.png\" alt=\"\" width=\"300\" height=\"300\" class=\"img-responsive\"\/><\/a><\/div>\n<p data-start=\"860\" data-end=\"1519\">No caso de Toffoli, o relat\u00f3rio cita decis\u00f5es sob suspei\u00e7\u00e3o por poss\u00edveis <strong>v\u00ednculos indiretos com investigados e indica conflito de interesses.<\/strong> J\u00e1 Moraes \u00e9 apontado por atuar em processos em que poderia haver impedimento, devido a rela\u00e7\u00f5es financeiras envolvendo<strong> o escrit\u00f3rio de sua esposa com empresa investigada. <\/strong><\/p>\n<p data-start=\"860\" data-end=\"1519\">Em rela\u00e7\u00e3o a <strong>Gilmar Mendes, o texto menciona conduta incompat\u00edvel com o decoro<\/strong>, ao anular medidas e determinar a inutiliza\u00e7\u00e3o de dados considerados relevantes, o que teria prejudicado investiga\u00e7\u00f5es. Sobre Paulo Gonet, a CPI aponta omiss\u00e3o diante de ind\u00edcios contra autoridades, indicando falha no cumprimento de suas fun\u00e7\u00f5es.<\/p>\n<h2 data-start=\"1521\" data-end=\"2071\"><strong data-start=\"1521\" data-end=\"1536\">Caso Master<\/strong><\/h2>\n<p data-start=\"1521\" data-end=\"2071\">O relat\u00f3rio tamb\u00e9m analisa o <strong>caso Master, descrito como um dos maiores esc\u00e2ndalos financeiros recentes,<\/strong> com suspeitas de liga\u00e7\u00e3o entre o sistema financeiro e esquemas de lavagem de dinheiro do crime organizado.<\/p>\n<p data-start=\"1521\" data-end=\"2071\">O texto cita crescimento acelerado da institui\u00e7\u00e3o, movimenta\u00e7\u00f5es bilion\u00e1rias suspeitas e uso de mecanismos sofisticados para ocultar recursos il\u00edcitos. Segundo Vieira, pela complexidade do caso, os fatos foram apenas descritos e devem ser aprofundados em outra CPI, al\u00e9m de<strong> j\u00e1 estarem sob investiga\u00e7\u00e3o da Pol\u00edcia Federal.<\/strong><\/p>\n<p data-start=\"1521\" data-end=\"2071\">&#8220;No tocante ao caso Master, considerando-se a alta complexidade e escassez de meios, a op\u00e7\u00e3o foi por relatar os fatos identificados, que dever\u00e3o ser objeto de CPI pr\u00f3pria e j\u00e1 s\u00e3o objeto de investiga\u00e7\u00f5es da Pol\u00edcia Federal, no que se refere a crimes comuns, e fazer o indiciamento de autoridades pela pr\u00e1tica de crimes de responsabilidade&#8221;, explica Vieira.<\/p>\n<p data-start=\"2073\" data-end=\"2442\" data-is-last-node=\"\" data-is-only-node=\"\">O documento ainda prop\u00f5e mudan\u00e7as legislativas para modernizar o combate ao crime organizado, como refor\u00e7o no bloqueio de ativos e aumento de penas para lavagem de dinheiro.<strong> Tamb\u00e9m inclui regulamenta\u00e7\u00e3o do lobby,<\/strong> cria\u00e7\u00e3o de sistemas de controle patrimonial de agentes p\u00fablicos, fortalecimento do Coaf e a cria\u00e7\u00e3o de um Minist\u00e9rio da Seguran\u00e7a P\u00fablica.<\/p>\n<div class=\"banblock\"><a href=\"https:\/\/www.fixedigital.com\/tapete-personalizado-em-resende-rj\" target=\"_blank\" rel=\"noopener\"><img decoding=\"async\" src=\"https:\/\/www.ggospel.com.br\/hf-conteudo\/uploads\/campanhas\/_a8f15eda80c50adb0e71943adc8015cf.jpg\" alt=\"\" width=\"300\" height=\"300\" class=\"img-responsive\"\/><\/a><\/div>\n<\/div>\n<p><script>\/*<![CDATA[*\/window.fbAsyncInit = function() {FB.init({appId: '895919940507853',xfbml: true,version: 'v2.8'});};(function(d, s, id) {var js, fjs = d.getElementsByTagName(s)[0];if (d.getElementById(id)) return;js = d.createElement(s);js.id = id;js.src = \"\/\/connect.facebook.net\/pt_BR\/sdk.js#xfbml=1&#038;version=v2.8\";fjs.parentNode.insertBefore(js, fjs);}(document, 'script', 'facebook-jssdk')); \/*]]>*\/<\/script><br \/>\n<br \/><br \/>\n<br \/><a href=\"https:\/\/www.ggospel.com.br\/noticia\/218926\/cpi-do-crime-organizado-relator-pede-indiciamento-de-ministros-do-stf-e-do-pgr.html\">postagem original <\/a><\/p>\n","protected":false},"excerpt":{"rendered":"<p>O senador Alessandro Vieira (MDB-SE) apresenta nesta ter\u00e7a-feira (14) o relat\u00f3rio final da CPI do Crime Organizado. O documento pede o indiciamento por crimes de responsabilidade dos ministros do STF Dias Toffoli, Alexandre de Moraes e Gilmar Mendes, al\u00e9m do procurador-geral Paulo Gonet. Com mais de 200 p\u00e1ginas, o relat\u00f3rio tamb\u00e9m aponta avan\u00e7o de fac\u00e7\u00f5es, [&hellip;]<\/p>\n","protected":false},"author":1,"featured_media":1353,"comment_status":"open","ping_status":"open","sticky":false,"template":"","format":"standard","meta":{"_joinchat":[],"footnotes":""},"categories":[5],"tags":[],"_links":{"self":[{"href":"https:\/\/radioutubeoreiestavoltando.sitetopfm.com.br\/site\/wp-json\/wp\/v2\/posts\/1352"}],"collection":[{"href":"https:\/\/radioutubeoreiestavoltando.sitetopfm.com.br\/site\/wp-json\/wp\/v2\/posts"}],"about":[{"href":"https:\/\/radioutubeoreiestavoltando.sitetopfm.com.br\/site\/wp-json\/wp\/v2\/types\/post"}],"author":[{"embeddable":true,"href":"https:\/\/radioutubeoreiestavoltando.sitetopfm.com.br\/site\/wp-json\/wp\/v2\/users\/1"}],"replies":[{"embeddable":true,"href":"https:\/\/radioutubeoreiestavoltando.sitetopfm.com.br\/site\/wp-json\/wp\/v2\/comments?post=1352"}],"version-history":[{"count":0,"href":"https:\/\/radioutubeoreiestavoltando.sitetopfm.com.br\/site\/wp-json\/wp\/v2\/posts\/1352\/revisions"}],"wp:featuredmedia":[{"embeddable":true,"href":"https:\/\/radioutubeoreiestavoltando.sitetopfm.com.br\/site\/wp-json\/wp\/v2\/media\/1353"}],"wp:attachment":[{"href":"https:\/\/radioutubeoreiestavoltando.sitetopfm.com.br\/site\/wp-json\/wp\/v2\/media?parent=1352"}],"wp:term":[{"taxonomy":"category","embeddable":true,"href":"https:\/\/radioutubeoreiestavoltando.sitetopfm.com.br\/site\/wp-json\/wp\/v2\/categories?post=1352"},{"taxonomy":"post_tag","embeddable":true,"href":"https:\/\/radioutubeoreiestavoltando.sitetopfm.com.br\/site\/wp-json\/wp\/v2\/tags?post=1352"}],"curies":[{"name":"wp","href":"https:\/\/api.w.org\/{rel}","templated":true}]}}