{"id":1354,"date":"2026-04-14T14:53:13","date_gmt":"2026-04-14T17:53:13","guid":{"rendered":"https:\/\/radioutubeoreiestavoltando.sitetopfm.com.br\/site\/apos-missao-a-lua-piloto-da-nasa-da-testemunho-de-fe-queria-agradecer-a-deus-em-publico\/"},"modified":"2026-04-14T14:53:13","modified_gmt":"2026-04-14T17:53:13","slug":"apos-missao-a-lua-piloto-da-nasa-da-testemunho-de-fe-queria-agradecer-a-deus-em-publico","status":"publish","type":"post","link":"https:\/\/radioutubeoreiestavoltando.sitetopfm.com.br\/site\/apos-missao-a-lua-piloto-da-nasa-da-testemunho-de-fe-queria-agradecer-a-deus-em-publico\/","title":{"rendered":"Ap\u00f3s miss\u00e3o \u00e0 Lua, piloto da NASA d\u00e1 testemunho de f\u00e9: &#8216;Queria agradecer a Deus em p\u00fablico&#8217;"},"content":{"rendered":"<p> <br \/>\n<\/p>\n<div>\n<p>Dez dias ap\u00f3s uma jornada hist\u00f3rica ao redor da Lua, a tripula\u00e7\u00e3o da <strong><a href=\"https:\/\/guiame.com.br\/gospel\/noticias\/piloto-da-nasa-na-missao-artemis-ii-afirma-depender-de-jesus-na-terra-e-no-espaco.html\">miss\u00e3o espacial Artemis II<\/a><\/strong> participou de sua primeira entrevista coletiva p\u00fablica neste s\u00e1bado (11), no Johnson Space Center, em Houston, Texas, um dia ap\u00f3s o retorno seguro \u00e0 Terra.<\/p>\n<p>Durante o encontro, o astronauta <strong><a href=\"https:\/\/guiame.com.br\/gospel\/mundo-cristao\/nao-ha-ateus-em-foguetes-diz-astronauta-cristao-que-viajara-lua.html\">Victor Glover<\/a><\/strong> destacou sua gratid\u00e3o a Deus ao relembrar a experi\u00eancia vivida no espa\u00e7o profundo.<\/p>\n<p>Emocionado durante a coletiva, Glover declarou:<\/p>\n<p>&#8220;Quando isso come\u00e7ou em 1\u00ba de abril, eu queria agradecer a Deus em p\u00fablico, e quero agradecer a Deus novamente, porque ainda maior do que o desafio de tentar descrever o que passamos, \u00e9 a gratid\u00e3o por ver o que vimos e fazer o que fizemos.&#8221;<\/p>\n<p>A miss\u00e3o Artemis II marcou o primeiro voo tripulado ao entorno lunar desde a era Apollo, h\u00e1 54 anos.<\/p>\n<p>A bordo da c\u00e1psula Orion estavam os astronautas Reid Wiseman (comandante), Victor Glover (piloto), Christina Koch e Jeremy Hansen, da Ag\u00eancia Espacial Canadense.<\/p>\n<p>O grupo decolou em 1\u00ba de abril e retornou ap\u00f3s concluir uma expedi\u00e7\u00e3o de cerca de 10 dias, estabelecendo recordes de dist\u00e2ncia humana no espa\u00e7o.<\/p>\n<p>A fala do astronauta repercutir entre crist\u00e3os e l\u00edderes. Entre eles, o cantor e evangelista Sean Feucht:<\/p>\n<p>&#8220;Isso \u00e9 t\u00e3o poderoso! At\u00e9 os astronautas est\u00e3o proclamando a Sua gl\u00f3ria!!!&#8221;<\/p>\n<div class=\"banblock\"><a href=\"https:\/\/www.instagram.com\/reel\/DHb_lpjv91O\/?utm_source=ig_web_copy_link&amp;igsh=MzRlODBiNWFlZA==\" target=\"_blank\" rel=\"noopener\"><img fetchpriority=\"high\" decoding=\"async\" src=\"https:\/\/www.ggospel.com.br\/hf-conteudo\/uploads\/campanhas\/_0aa1883c6411f7873cb83dacb17b0afc.jpg\" alt=\"\" width=\"300\" height=\"300\" class=\"img-responsive\"\/><\/a><\/div>\n<p><strong>F\u00e9 crist\u00e3 declarada<\/strong><\/p>\n<p>Antes mesmo da miss\u00e3o Artemis II, Glover j\u00e1 havia falado sobre como sua f\u00e9 o acompanha em cada desafio.<\/p>\n<p>Em entrevista anterior \u00e0 NASA, ele afirmou que sua identidade est\u00e1 firmada em Deus e n\u00e3o apenas na carreira espacial. Em outra ocasi\u00e3o, disse que procura viver com prop\u00f3sito e servir aos outros, princ\u00edpios guiados por sua caminhada crist\u00e3.<\/p>\n<p>O astronauta tamb\u00e9m j\u00e1 compartilhou em eventos p\u00fablicos que a ora\u00e7\u00e3o e a leitura b\u00edblica fazem parte de sua rotina, especialmente em momentos de grande responsabilidade.<\/p>\n<div class=\"banblock\"><a href=\"https:\/\/www.ifood.com.br\/delivery\/barra-mansa-rj\/fogao-gaucho-centro\/\" target=\"_blank\" rel=\"noopener\"><img decoding=\"async\" src=\"https:\/\/www.ggospel.com.br\/hf-conteudo\/uploads\/campanhas\/212_fa7cdfad1a5aaf8370ebeda47a1ff1c3.png\" alt=\"\" width=\"300\" height=\"300\" class=\"img-responsive\"\/><\/a><\/div>\n<p><strong>Grandiosidade<\/strong><\/p>\n<p>Tanto para quem acompanhou a expedi\u00e7\u00e3o da Terra quanto para os tripulantes da Orion, a grandiosidade do momento foi marcante.<\/p>\n<p>Um pastor em Orlando, Fl\u00f3rida, jantava em um restaurante com um pequeno grupo de sua igreja quando a miss\u00e3o foi lan\u00e7ada em 1\u00ba de abril.<\/p>\n<p>O grupo entrou no estacionamento para admirar o foguete que ganhava o c\u00e9u do in\u00edcio da noite.<\/p>\n<p>&#8220;Voc\u00ea apenas olha para cima e se sente maravilhado, grandiosidade e pequenez ao mesmo tempo&#8221;, disse o pastor Jim Davis.<\/p>\n<p>A astronauta Christina Koch, tripulante e especialista em miss\u00f5es em Artemis II, relatou ao controle da miss\u00e3o esta semana:<\/p>\n<p>&#8220;Eu s\u00f3 tinha uma sensa\u00e7\u00e3o esmagadora de ser movido olhando para a lua. Durou apenas um segundo ou dois, e eu realmente n\u00e3o consegui fazer isso acontecer novamente, mas algo apenas me jogou de repente para a paisagem lunar e se tornou real.&#8221;<\/p>\n<p>A miss\u00e3o Artemis II \u00e9 considerada um passo decisivo para os pr\u00f3ximos voos do programa Artemis, que pretende levar novamente astronautas \u00e0 superf\u00edcie lunar e preparar futuras miss\u00f5es a Marte.<\/p>\n<p><iframe class=\"instagram-media instagram-media-rendered\" id=\"instagram-embed-0\" src=\"https:\/\/www.instagram.com\/reel\/DXAd23diLcb\/embed\/captioned\/?cr=1&amp;v=14&amp;wp=675&amp;rd=https%3A%2F%2Fguiame.com.br&amp;rp=%2Fgospel%2Fnoticias%2Fapos-missao-lua-piloto-da-nasa-da-testemunho-de-fe-queria-agradecer-deus-em-publico.html#%7B%22ci%22%3A0%2C%22os%22%3A1851.6999999999534%2C%22ls%22%3A1327%2C%22le%22%3A1620.0999999998603%7D\" allowtransparency=\"true\" allowfullscreen=\"true\" frameborder=\"0\" height=\"1077\" data-instgrm-payload-id=\"instagram-media-payload-0\" scrolling=\"no\"><\/iframe><\/p>\n<\/p><\/div>\n<p><script>\/*<![CDATA[*\/window.fbAsyncInit = function() {FB.init({appId: '895919940507853',xfbml: true,version: 'v2.8'});};(function(d, s, id) {var js, fjs = d.getElementsByTagName(s)[0];if (d.getElementById(id)) return;js = d.createElement(s);js.id = id;js.src = \"\/\/connect.facebook.net\/pt_BR\/sdk.js#xfbml=1&#038;version=v2.8\";fjs.parentNode.insertBefore(js, fjs);}(document, 'script', 'facebook-jssdk')); \/*]]>*\/<\/script><script async defer src=\"https:\/\/platform.instagram.com\/en_US\/embeds.js\"><\/script><br \/>\n<br \/><br \/>\n<br \/><a href=\"https:\/\/www.ggospel.com.br\/noticia\/218921\/apos-missao-a-lua-piloto-da-nasa-da-testemunho-de-fe-queria-agradecer-a-deus-em-publico.html\">postagem original <\/a><\/p>\n","protected":false},"excerpt":{"rendered":"<p>Dez dias ap\u00f3s uma jornada hist\u00f3rica ao redor da Lua, a tripula\u00e7\u00e3o da miss\u00e3o espacial Artemis II participou de sua primeira entrevista coletiva p\u00fablica neste s\u00e1bado (11), no Johnson Space Center, em Houston, Texas, um dia ap\u00f3s o retorno seguro \u00e0 Terra. Durante o encontro, o astronauta Victor Glover destacou sua gratid\u00e3o a Deus ao [&hellip;]<\/p>\n","protected":false},"author":1,"featured_media":1355,"comment_status":"open","ping_status":"open","sticky":false,"template":"","format":"standard","meta":{"_joinchat":[],"footnotes":""},"categories":[6],"tags":[],"_links":{"self":[{"href":"https:\/\/radioutubeoreiestavoltando.sitetopfm.com.br\/site\/wp-json\/wp\/v2\/posts\/1354"}],"collection":[{"href":"https:\/\/radioutubeoreiestavoltando.sitetopfm.com.br\/site\/wp-json\/wp\/v2\/posts"}],"about":[{"href":"https:\/\/radioutubeoreiestavoltando.sitetopfm.com.br\/site\/wp-json\/wp\/v2\/types\/post"}],"author":[{"embeddable":true,"href":"https:\/\/radioutubeoreiestavoltando.sitetopfm.com.br\/site\/wp-json\/wp\/v2\/users\/1"}],"replies":[{"embeddable":true,"href":"https:\/\/radioutubeoreiestavoltando.sitetopfm.com.br\/site\/wp-json\/wp\/v2\/comments?post=1354"}],"version-history":[{"count":0,"href":"https:\/\/radioutubeoreiestavoltando.sitetopfm.com.br\/site\/wp-json\/wp\/v2\/posts\/1354\/revisions"}],"wp:featuredmedia":[{"embeddable":true,"href":"https:\/\/radioutubeoreiestavoltando.sitetopfm.com.br\/site\/wp-json\/wp\/v2\/media\/1355"}],"wp:attachment":[{"href":"https:\/\/radioutubeoreiestavoltando.sitetopfm.com.br\/site\/wp-json\/wp\/v2\/media?parent=1354"}],"wp:term":[{"taxonomy":"category","embeddable":true,"href":"https:\/\/radioutubeoreiestavoltando.sitetopfm.com.br\/site\/wp-json\/wp\/v2\/categories?post=1354"},{"taxonomy":"post_tag","embeddable":true,"href":"https:\/\/radioutubeoreiestavoltando.sitetopfm.com.br\/site\/wp-json\/wp\/v2\/tags?post=1354"}],"curies":[{"name":"wp","href":"https:\/\/api.w.org\/{rel}","templated":true}]}}