{"id":1358,"date":"2026-04-14T19:11:53","date_gmt":"2026-04-14T22:11:53","guid":{"rendered":"https:\/\/radioutubeoreiestavoltando.sitetopfm.com.br\/site\/comissao-de-direitos-humanos-debate-impasses-e-desafios-da-reforma-agraria-noticias\/"},"modified":"2026-04-14T19:11:53","modified_gmt":"2026-04-14T22:11:53","slug":"comissao-de-direitos-humanos-debate-impasses-e-desafios-da-reforma-agraria-noticias","status":"publish","type":"post","link":"https:\/\/radioutubeoreiestavoltando.sitetopfm.com.br\/site\/comissao-de-direitos-humanos-debate-impasses-e-desafios-da-reforma-agraria-noticias\/","title":{"rendered":"Comiss\u00e3o de Direitos Humanos debate impasses e desafios da reforma agr\u00e1ria &#8211; Not\u00edcias"},"content":{"rendered":"<p> <br \/>\n<\/p>\n<div>\n<div>\n<p class=\"g-artigo__data-hora\">\n\t\t\t\t\t\t\t\t\t\t\t14\/04\/2026 &#8211; 11:00 \u00a0\n\t\t\t\t\t\t\t\t\t\t<\/p>\n<div id=\"image-container-1262857\" class=\"image-container\" style=\"float: none; margin: 45px 0px; width: 100%;\" data-midia=\"1262857\">\n<p><em>Tarci\u00b4sio Nascimento\/MST-RJ<\/em><\/p>\n<p>Dia Nacional de Luta pela Reforma Agr\u00e1ria \u00e9 17 de abril<\/p>\n<\/p><\/div>\n<p>A Comiss\u00e3o de Direitos Humanos, Minorias e Igualdade Racial da C\u00e2mara dos Deputados promove, nesta quarta-feira (15), audi\u00eancia p\u00fablica sobre o Dia Nacional de Luta pela Reforma Agr\u00e1ria. A data foi institu\u00edda em 2002, em alus\u00e3o ao Massacre de Eldorado do Caraj\u00e1s, opera\u00e7\u00e3o militar que terminou com a morte de 19 trabalhadores rurais sem-terra em 17 de abril de 1996.<\/p>\n<p>O debate ser\u00e1 \u00e0s 17 horas, no plen\u00e1rio 9.<\/p>\n<p>&#8211; <a href=\"https:\/\/www.camara.leg.br\/evento-legislativo\/81533\">Veja quem foi convidado para o debate<\/a><\/p>\n<p>A reuni\u00e3o foi pedida pelos deputados Padre Jo\u00e3o (PT-MG), Jo\u00e3o Daniel (PT-SE), Valmir Assun\u00e7\u00e3o (PT-BA) e Marcon (PT-RS).<\/p>\n<p>No documento em que solicitam o debate, os parlamentares afirmam que, al\u00e9m de homenagear as v\u00edtimas de Eldorado do Caraj\u00e1s, a audi\u00eancia vai discutir os impasses e os desafios da reforma agr\u00e1ria.<\/p>\n<p>&#8220;Tr\u00eas d\u00e9cadas j\u00e1 se passaram e a quest\u00e3o da Reforma Agr\u00e1ria no Brasil permanece como uma das principais bandeiras de Luta dos Trabalhadores, enquanto a viol\u00eancia contra camponeses, povos ind\u00edgenas e comunidades tradicionais continua a ser um instrumento de manuten\u00e7\u00e3o de estruturas de poder arcaicas e concentradoras da propriedade da terra&#8221;, aponta o requerimento do debate.<\/p>\n<p style=\"font-size: 0.8rem; font-weight: 700;\">Da Reda\u00e7\u00e3o \u2013 RL<\/p>\n<\/p><\/div>\n<\/p><\/div>\n<p><br \/>\n<br \/><a href=\"https:\/\/www.camara.leg.br\/noticias\/1262375-comissao-de-direitos-humanos-debate-impasses-e-desafios-da-reforma-agraria\/\">postagem original <\/a><\/p>\n","protected":false},"excerpt":{"rendered":"<p>14\/04\/2026 &#8211; 11:00 \u00a0 Tarci\u00b4sio Nascimento\/MST-RJ Dia Nacional de Luta pela Reforma Agr\u00e1ria \u00e9 17 de abril A Comiss\u00e3o de Direitos Humanos, Minorias e Igualdade Racial da C\u00e2mara dos Deputados promove, nesta quarta-feira (15), audi\u00eancia p\u00fablica sobre o Dia Nacional de Luta pela Reforma Agr\u00e1ria. A data foi institu\u00edda em 2002, em alus\u00e3o ao Massacre [&hellip;]<\/p>\n","protected":false},"author":1,"featured_media":1359,"comment_status":"open","ping_status":"open","sticky":false,"template":"","format":"standard","meta":{"_joinchat":[],"footnotes":""},"categories":[1],"tags":[],"_links":{"self":[{"href":"https:\/\/radioutubeoreiestavoltando.sitetopfm.com.br\/site\/wp-json\/wp\/v2\/posts\/1358"}],"collection":[{"href":"https:\/\/radioutubeoreiestavoltando.sitetopfm.com.br\/site\/wp-json\/wp\/v2\/posts"}],"about":[{"href":"https:\/\/radioutubeoreiestavoltando.sitetopfm.com.br\/site\/wp-json\/wp\/v2\/types\/post"}],"author":[{"embeddable":true,"href":"https:\/\/radioutubeoreiestavoltando.sitetopfm.com.br\/site\/wp-json\/wp\/v2\/users\/1"}],"replies":[{"embeddable":true,"href":"https:\/\/radioutubeoreiestavoltando.sitetopfm.com.br\/site\/wp-json\/wp\/v2\/comments?post=1358"}],"version-history":[{"count":0,"href":"https:\/\/radioutubeoreiestavoltando.sitetopfm.com.br\/site\/wp-json\/wp\/v2\/posts\/1358\/revisions"}],"wp:featuredmedia":[{"embeddable":true,"href":"https:\/\/radioutubeoreiestavoltando.sitetopfm.com.br\/site\/wp-json\/wp\/v2\/media\/1359"}],"wp:attachment":[{"href":"https:\/\/radioutubeoreiestavoltando.sitetopfm.com.br\/site\/wp-json\/wp\/v2\/media?parent=1358"}],"wp:term":[{"taxonomy":"category","embeddable":true,"href":"https:\/\/radioutubeoreiestavoltando.sitetopfm.com.br\/site\/wp-json\/wp\/v2\/categories?post=1358"},{"taxonomy":"post_tag","embeddable":true,"href":"https:\/\/radioutubeoreiestavoltando.sitetopfm.com.br\/site\/wp-json\/wp\/v2\/tags?post=1358"}],"curies":[{"name":"wp","href":"https:\/\/api.w.org\/{rel}","templated":true}]}}