{"id":1362,"date":"2026-04-16T00:57:53","date_gmt":"2026-04-16T03:57:53","guid":{"rendered":"https:\/\/radioutubeoreiestavoltando.sitetopfm.com.br\/site\/camara-aprova-endurecimento-de-pena-para-preso-em-saida-temporaria-que-agredir-mulher-noticias\/"},"modified":"2026-04-16T00:57:53","modified_gmt":"2026-04-16T03:57:53","slug":"camara-aprova-endurecimento-de-pena-para-preso-em-saida-temporaria-que-agredir-mulher-noticias","status":"publish","type":"post","link":"https:\/\/radioutubeoreiestavoltando.sitetopfm.com.br\/site\/camara-aprova-endurecimento-de-pena-para-preso-em-saida-temporaria-que-agredir-mulher-noticias\/","title":{"rendered":"C\u00e2mara aprova endurecimento de pena para preso em sa\u00edda tempor\u00e1ria que agredir mulher &#8211; Not\u00edcias"},"content":{"rendered":"<p> <br \/>\n<\/p>\n<div>\n<p class=\"g-artigo__data-hora\">\n\t\t\t\t\t\t\t\t\t\t\t15\/04\/2026 &#8211; 22:05 \u00a0<br \/>\n\t\t\t\t\t\t\t\t\t\t\t\t<span>\u2022 \u00a0 Atualizado em 15\/04\/2026 &#8211; 22:48<\/span>\n\t\t\t\t\t\t\t\t\t\t<\/p>\n<div id=\"image-container-1263841\" class=\"image-container\" style=\"float: none; margin: 45px 0px; width: 100%;\" data-midia=\"1263841\">\n<p><em>Bruno Spada\/C\u00e2mara dos Deputados<\/em><\/p>\n<p>Laura Carneiro, relatora do projeto de lei<\/p>\n<\/p><\/div>\n<p>A C\u00e2mara dos Deputados aprovou projeto de lei que prev\u00ea a aplica\u00e7\u00e3o do Regime Disciplinar Diferenciado (RDD) ao preso por crime de viol\u00eancia dom\u00e9stica e familiar contra a mulher se amea\u00e7\u00e1-la ou praticar viol\u00eancia contra ela e seus familiares. A proposta ser\u00e1 enviada \u00e0 san\u00e7\u00e3o presidencial.<\/p>\n<p>De autoria do Senado, o Projeto de Lei 2083\/22 poder\u00e1 ser aplicado, por exemplo, em situa\u00e7\u00f5es de preso condenado por viol\u00eancia contra mulher quando estiver em sa\u00edda tempor\u00e1ria ou regime semiaberto ou aberto e continuar amea\u00e7ando a v\u00edtima.<\/p>\n<p>O RDD, de dura\u00e7\u00e3o m\u00e1xima de dois anos, exige o cumprimento de pena no regime fechado em cela individual, com restri\u00e7\u00f5es de visitas e de sa\u00eddas para banho de sol. As entrevistas s\u00e3o monitoradas, e a correspond\u00eancia fiscalizada.<\/p>\n<p>O texto foi aprovado nesta quarta-feira (15) no Plen\u00e1rio da C\u00e2mara, com parecer favor\u00e1vel da relatora pela Comiss\u00e3o de Defesa dos Direitos da Mulher, deputada Laura Carneiro (PSD-RJ), e com emenda do relator na Comiss\u00e3o de Constitui\u00e7\u00e3o e Justi\u00e7a e de Cidadania, deputado Luiz Carlos Busato (Uni\u00e3o-RS).<\/p>\n<p>Denominada de Lei Barbara Penna, a proposta pretende refor\u00e7ar a prote\u00e7\u00e3o da mulher v\u00edtima de viol\u00eancia dom\u00e9stica e familiar.<\/p>\n<p>Autora do projeto, a senadora Soraya Thronicke (PSB-MS) lembrou que, em 2013, B\u00e1rbara Penna &#8220;foi v\u00edtima de tentativa de feminic\u00eddio, teve o corpo incendiado, foi jogada do terceiro andar do pr\u00e9dio onde morava em Porto Alegre e teve seus dois filhos assassinados pelo ent\u00e3o marido, condenado a 28 anos de pris\u00e3o&#8221;. &#8220;Ainda assim, ela continuou a receber amea\u00e7as dele de dentro do estabelecimento penal&#8221;, diz a senadora, na justificativa da proposta.<\/p>\n<p><strong>Regime mais rigoroso<\/strong><br \/>Tamb\u00e9m aplic\u00e1vel nessas situa\u00e7\u00f5es de sa\u00edda tempor\u00e1ria ou regimes aberto ou semiaberto conquistados pela progress\u00e3o de regime, o texto passa a considerar falta grave se o preso se aproximar da v\u00edtima ou de familiares dela na vig\u00eancia de medidas protetivas com base na <span id=\"4349\" class=\"termoGlossario\" title=\"Trata-se da Lei 11.340\/06 que protege as mulheres contra a viol\u00eancia dom\u00e9stica e familiar. A lei torna mais rigorosa a puni\u00e7\u00e3o aos agressores, aumentando o tempo m\u00e1ximo de deten\u00e7\u00e3o de um para tr\u00eas anos. Prev\u00ea ainda a pris\u00e3o em flagrante do agressor e a n\u00e3o aplica\u00e7\u00e3o de penas alternativas (aquelas em que o r\u00e9u \u00e9 condenado a pagar cestas b\u00e1sicas ou multas). Constatada a agress\u00e3o, poder\u00e3o tamb\u00e9m ser aplicadas medidas protetivas como o afastamento do agressor do domic\u00edlio e a proibi\u00e7\u00e3o de sua aproxima\u00e7\u00e3o da ofendida. O nome da lei \u00e9 uma homenagem a Maria da Penha Fernandes, que sobreviveu a duas tentativas de homic\u00eddio praticadas pelo ex-marido.\" contenteditable=\"false\" data-toggle=\"tooltip\" data-placement=\"top\">Lei Maria da Penha<\/span>.<\/p>\n<p>Atualmente, a Lei Maria da Penha j\u00e1 considera crime descumprir medida protetiva de urg\u00eancia nos casos de viol\u00eancia dom\u00e9stica e familiar, com pena de <span id=\"4303\" class=\"termoGlossario\" title=\"A reclus\u00e3o \u00e9 a mais severa entre as penas privativas de liberdade. Destina-se a crimes dolosos (com inten\u00e7\u00e3o).\" contenteditable=\"false\" data-toggle=\"tooltip\" data-placement=\"top\">reclus\u00e3o<\/span> de 2 a 5 anos, mas isso depende de novo processo penal, com todas as fases de inqu\u00e9rito, apura\u00e7\u00e3o, den\u00fancia e julgamento.<\/p>\n<p>Segundo a Lei de Execu\u00e7\u00e3o Penal (<a class=\"linkLegislacao\" href=\"https:\/\/www2.camara.gov.br\/legin\/fed\/lei\/1980-1987\/lei-7210-11-julho-1984-356938-norma-pl.html\">Lei 7.210\/84<\/a>), a falta grave nos regimes aberto ou semiaberto implica a regress\u00e3o de regime para um mais rigoroso (como o fechado), perda de at\u00e9 1\/3 dos dias abatidos da pena por trabalho e estudo e rein\u00edcio da contagem do prazo para progress\u00e3o ao regime menos rigoroso novamente.<\/p>\n<p>A aproxima\u00e7\u00e3o da v\u00edtima no \u00e2mbito da medida protetiva envolve um limite m\u00ednimo de dist\u00e2ncia fixado na decis\u00e3o judicial, aplicando-se tamb\u00e9m, conforme o caso, a seus familiares e testemunhas. N\u00e3o \u00e9 permitido ainda contato com essas pessoas por qualquer meio de comunica\u00e7\u00e3o ou frequentar determinados lugares a fim de preservar a integridade f\u00edsica e psicol\u00f3gica da mulher.<\/p>\n<p><strong>Tortura<\/strong><br \/>Na lei que define os crimes de tortura, o projeto aprovado inclui a situa\u00e7\u00e3o de submeter a mulher, repetidamente, a sofrimento f\u00edsico ou mental no contexto de viol\u00eancia dom\u00e9stica e familiar, sem preju\u00edzo da aplica\u00e7\u00e3o das penas relativas a outras infra\u00e7\u00f5es.<\/p>\n<p>A <a class=\"linkLegislacao\" href=\"https:\/\/www2.camara.gov.br\/legin\/fed\/lei\/1997\/lei-9455-7-abril-1997-349431-norma-pl.html\">Lei 9.455\/97<\/a> prev\u00ea pena de reclus\u00e3o de 2 a 8 anos para o crime de tortura.<\/p>\n<p><a href=\"https:\/\/www.camara.leg.br\/noticias\/573454-SAIBA-MAIS-SOBRE-A-TRAMITACAO-DE-PROJETOS-DE-LEI\">Saiba mais sobre a tramita\u00e7\u00e3o de projetos de lei<\/a><\/p>\n<p style=\"font-size: 0.8rem; font-weight: 700;\">Reportagem \u2013 Eduardo Piovesan<br \/>Edi\u00e7\u00e3o \u2013 Pierre Triboli<\/p>\n<\/p><\/div>\n<p><br \/>\n<br \/><a href=\"https:\/\/www.camara.leg.br\/noticias\/1263831-camara-aprova-endurecimento-de-pena-para-preso-em-saida-temporaria-que-agredir-mulher\/\">postagem original <\/a><\/p>\n","protected":false},"excerpt":{"rendered":"<p>15\/04\/2026 &#8211; 22:05 \u00a0 \u2022 \u00a0 Atualizado em 15\/04\/2026 &#8211; 22:48 Bruno Spada\/C\u00e2mara dos Deputados Laura Carneiro, relatora do projeto de lei A C\u00e2mara dos Deputados aprovou projeto de lei que prev\u00ea a aplica\u00e7\u00e3o do Regime Disciplinar Diferenciado (RDD) ao preso por crime de viol\u00eancia dom\u00e9stica e familiar contra a mulher se amea\u00e7\u00e1-la ou praticar [&hellip;]<\/p>\n","protected":false},"author":1,"featured_media":1363,"comment_status":"open","ping_status":"open","sticky":false,"template":"","format":"standard","meta":{"_joinchat":[],"footnotes":""},"categories":[20],"tags":[],"_links":{"self":[{"href":"https:\/\/radioutubeoreiestavoltando.sitetopfm.com.br\/site\/wp-json\/wp\/v2\/posts\/1362"}],"collection":[{"href":"https:\/\/radioutubeoreiestavoltando.sitetopfm.com.br\/site\/wp-json\/wp\/v2\/posts"}],"about":[{"href":"https:\/\/radioutubeoreiestavoltando.sitetopfm.com.br\/site\/wp-json\/wp\/v2\/types\/post"}],"author":[{"embeddable":true,"href":"https:\/\/radioutubeoreiestavoltando.sitetopfm.com.br\/site\/wp-json\/wp\/v2\/users\/1"}],"replies":[{"embeddable":true,"href":"https:\/\/radioutubeoreiestavoltando.sitetopfm.com.br\/site\/wp-json\/wp\/v2\/comments?post=1362"}],"version-history":[{"count":0,"href":"https:\/\/radioutubeoreiestavoltando.sitetopfm.com.br\/site\/wp-json\/wp\/v2\/posts\/1362\/revisions"}],"wp:featuredmedia":[{"embeddable":true,"href":"https:\/\/radioutubeoreiestavoltando.sitetopfm.com.br\/site\/wp-json\/wp\/v2\/media\/1363"}],"wp:attachment":[{"href":"https:\/\/radioutubeoreiestavoltando.sitetopfm.com.br\/site\/wp-json\/wp\/v2\/media?parent=1362"}],"wp:term":[{"taxonomy":"category","embeddable":true,"href":"https:\/\/radioutubeoreiestavoltando.sitetopfm.com.br\/site\/wp-json\/wp\/v2\/categories?post=1362"},{"taxonomy":"post_tag","embeddable":true,"href":"https:\/\/radioutubeoreiestavoltando.sitetopfm.com.br\/site\/wp-json\/wp\/v2\/tags?post=1362"}],"curies":[{"name":"wp","href":"https:\/\/api.w.org\/{rel}","templated":true}]}}