{"id":1368,"date":"2026-04-16T07:54:58","date_gmt":"2026-04-16T10:54:58","guid":{"rendered":"https:\/\/radioutubeoreiestavoltando.sitetopfm.com.br\/site\/comissao-aprova-incentivo-ao-servico-voluntario-de-jovens-em-programas-de-amparo-social-noticias\/"},"modified":"2026-04-16T07:54:58","modified_gmt":"2026-04-16T10:54:58","slug":"comissao-aprova-incentivo-ao-servico-voluntario-de-jovens-em-programas-de-amparo-social-noticias","status":"publish","type":"post","link":"https:\/\/radioutubeoreiestavoltando.sitetopfm.com.br\/site\/comissao-aprova-incentivo-ao-servico-voluntario-de-jovens-em-programas-de-amparo-social-noticias\/","title":{"rendered":"Comiss\u00e3o aprova incentivo ao servi\u00e7o volunt\u00e1rio de jovens em programas de amparo social &#8211; Not\u00edcias"},"content":{"rendered":"<p> <br \/>\n<\/p>\n<div>\n<div>\n<p class=\"g-artigo__data-hora\">\n\t\t\t\t\t\t\t\t\t\t\t15\/04\/2026 &#8211; 11:53 \u00a0\n\t\t\t\t\t\t\t\t\t\t<\/p>\n<div id=\"image-container-1263460\" class=\"image-container\" style=\"float: none; margin: 45px 0px; width: 100%;\" data-midia=\"1263460\">\n<p><em>Renato Ara\u00fajo\/C\u00e2mara dos Deputados<\/em><\/p>\n<p>Laura Carneiro: proposta amplia possibilidades do exerc\u00edcio da cidadania<\/p>\n<\/p><\/div>\n<p>A Comiss\u00e3o de Constitui\u00e7\u00e3o e Justi\u00e7a (CCJ) da C\u00e2mara dos Deputados aprovou o <a class=\"linkProposicao\" href=\"https:\/\/www.camara.leg.br\/noticias\/552427-projeto-estimula-trabalho-voluntario-de-jovens\">Projeto de Lei 199\/19<\/a>, que incentiva a participa\u00e7\u00e3o de jovens em servi\u00e7o volunt\u00e1rio voltado ao amparo de idosos, pessoas com defici\u00eancia e crian\u00e7as na primeira inf\u00e2ncia.<\/p>\n<p>Os jovens que precisarem ter\u00e3o acesso a um servi\u00e7o de acolhimento durante o voluntariado, conforme regulamenta\u00e7\u00e3o futura.<\/p>\n<p>O texto seguir\u00e1 agora para o Senado, a menos que haja recurso para an\u00e1lise pelo Plen\u00e1rio da C\u00e2mara.<\/p>\n<p><strong>Relat\u00f3rio<\/strong><br \/>A proposta, de autoria do deputado Roberto de Lucena (Republicanos-SP), foi aprovada com <a href=\"https:\/\/www.camara.leg.br\/proposicoesWeb\/prop_mostrarintegra?codteor=3107324&amp;filename=PRL+1+CCJC+%3D%3E+PL+199\/2019\">emendas da relatora<\/a>, deputada Laura Carneiro (PSD-RJ), para ajustar a t\u00e9cnica legislativa e garantir a constitucionalidade do texto.<\/p>\n<p>Um dos pontos centrais das altera\u00e7\u00f5es foi assegurar que a participa\u00e7\u00e3o no voluntariado n\u00e3o seja uma condi\u00e7\u00e3o obrigat\u00f3ria para o acesso do jovem a servi\u00e7os de acolhimento social, preservando a gratuidade da assist\u00eancia prevista em lei.<\/p>\n<p>Laura Carneiro destacou que a medida amplia as possibilidades de exerc\u00edcio da cidadania por interm\u00e9dio da solidariedade apoiada pelo Estado.<\/p>\n<p>O projeto altera a <a href=\"https:\/\/www2.camara.leg.br\/legin\/fed\/lei\/1993\/lei-8742-7-dezembro-1993-363163-norma-pl.html\">Lei Org\u00e2nica da Assist\u00eancia Social<\/a>.<strong>\u00a0<\/strong><\/p>\n<p style=\"font-size: 0.8rem; font-weight: 700;\">Reportagem \u2013 Murilo Souza<br \/>Edi\u00e7\u00e3o \u2013 Marcelo Oliveira<\/p>\n<\/p><\/div>\n<\/p><\/div>\n<p><br \/>\n<br \/><a href=\"https:\/\/www.camara.leg.br\/noticias\/1263091-comissao-aprova-incentivo-ao-servico-voluntario-de-jovens-em-programas-de-amparo-social\/\">postagem original <\/a><\/p>\n","protected":false},"excerpt":{"rendered":"<p>15\/04\/2026 &#8211; 11:53 \u00a0 Renato Ara\u00fajo\/C\u00e2mara dos Deputados Laura Carneiro: proposta amplia possibilidades do exerc\u00edcio da cidadania A Comiss\u00e3o de Constitui\u00e7\u00e3o e Justi\u00e7a (CCJ) da C\u00e2mara dos Deputados aprovou o Projeto de Lei 199\/19, que incentiva a participa\u00e7\u00e3o de jovens em servi\u00e7o volunt\u00e1rio voltado ao amparo de idosos, pessoas com defici\u00eancia e crian\u00e7as na primeira [&hellip;]<\/p>\n","protected":false},"author":1,"featured_media":1369,"comment_status":"open","ping_status":"open","sticky":false,"template":"","format":"standard","meta":{"_joinchat":[],"footnotes":""},"categories":[24],"tags":[],"_links":{"self":[{"href":"https:\/\/radioutubeoreiestavoltando.sitetopfm.com.br\/site\/wp-json\/wp\/v2\/posts\/1368"}],"collection":[{"href":"https:\/\/radioutubeoreiestavoltando.sitetopfm.com.br\/site\/wp-json\/wp\/v2\/posts"}],"about":[{"href":"https:\/\/radioutubeoreiestavoltando.sitetopfm.com.br\/site\/wp-json\/wp\/v2\/types\/post"}],"author":[{"embeddable":true,"href":"https:\/\/radioutubeoreiestavoltando.sitetopfm.com.br\/site\/wp-json\/wp\/v2\/users\/1"}],"replies":[{"embeddable":true,"href":"https:\/\/radioutubeoreiestavoltando.sitetopfm.com.br\/site\/wp-json\/wp\/v2\/comments?post=1368"}],"version-history":[{"count":0,"href":"https:\/\/radioutubeoreiestavoltando.sitetopfm.com.br\/site\/wp-json\/wp\/v2\/posts\/1368\/revisions"}],"wp:featuredmedia":[{"embeddable":true,"href":"https:\/\/radioutubeoreiestavoltando.sitetopfm.com.br\/site\/wp-json\/wp\/v2\/media\/1369"}],"wp:attachment":[{"href":"https:\/\/radioutubeoreiestavoltando.sitetopfm.com.br\/site\/wp-json\/wp\/v2\/media?parent=1368"}],"wp:term":[{"taxonomy":"category","embeddable":true,"href":"https:\/\/radioutubeoreiestavoltando.sitetopfm.com.br\/site\/wp-json\/wp\/v2\/categories?post=1368"},{"taxonomy":"post_tag","embeddable":true,"href":"https:\/\/radioutubeoreiestavoltando.sitetopfm.com.br\/site\/wp-json\/wp\/v2\/tags?post=1368"}],"curies":[{"name":"wp","href":"https:\/\/api.w.org\/{rel}","templated":true}]}}