{"id":1378,"date":"2026-04-16T08:39:59","date_gmt":"2026-04-16T11:39:59","guid":{"rendered":"https:\/\/radioutubeoreiestavoltando.sitetopfm.com.br\/site\/comissao-debate-impactos-do-contingenciamento-orcamentario-na-defesa-agropecuaria-noticias\/"},"modified":"2026-04-16T08:39:59","modified_gmt":"2026-04-16T11:39:59","slug":"comissao-debate-impactos-do-contingenciamento-orcamentario-na-defesa-agropecuaria-noticias","status":"publish","type":"post","link":"https:\/\/radioutubeoreiestavoltando.sitetopfm.com.br\/site\/comissao-debate-impactos-do-contingenciamento-orcamentario-na-defesa-agropecuaria-noticias\/","title":{"rendered":"Comiss\u00e3o debate impactos do contingenciamento or\u00e7ament\u00e1rio na defesa agropecu\u00e1ria &#8211; Not\u00edcias"},"content":{"rendered":"<p> <br \/>\n<\/p>\n<div>\n<div>\n<p class=\"g-artigo__data-hora\">\n\t\t\t\t\t\t\t\t\t\t\t16\/04\/2026 &#8211; 08:03 \u00a0\n\t\t\t\t\t\t\t\t\t\t<\/p>\n<div id=\"image-container-1263358\" class=\"image-container\" style=\"float: none; margin: 45px 0px; width: 100%;\" data-midia=\"1263358\">\n<p><em>Divulga\u00e7\u00e3o\/Ag\u00eancia de Not\u00edcias do Paran\u00e1<\/em><\/p>\n<p>A defesa agropecu\u00e1ria inclui a\u00e7\u00f5es de vigil\u00e2ncia e defesa sanit\u00e1ria vegetal e animal<\/p>\n<\/p><\/div>\n<p data-start=\"58\" data-end=\"404\">A Comiss\u00e3o de Agricultura, Pecu\u00e1ria, Abastecimento e Desenvolvimento Rural da C\u00e2mara dos Deputados realiza, nesta quinta-feira (16), audi\u00eancia p\u00fablica sobre os impactos do contingenciamento or\u00e7ament\u00e1rio na defesa agropecu\u00e1ria.<\/p>\n<p data-start=\"58\" data-end=\"404\">A defesa agropecu\u00e1ria inclui a\u00e7\u00f5es de vigil\u00e2ncia e defesa sanit\u00e1ria vegetal e animal, inspe\u00e7\u00e3o e classifica\u00e7\u00e3o de produtos de origem vegetal e animal, de derivados e subprodutos, al\u00e9m da fiscaliza\u00e7\u00e3o de insumos e servi\u00e7os usados nas atividades agropecu\u00e1rias.<\/p>\n<p data-start=\"58\" data-end=\"404\">O debate ser\u00e1 realizado \u00e0s 10 horas, no plen\u00e1rio 6, e atende a pedido do deputado M\u00e1rcio Honaiser (PDT-MA).<\/p>\n<p><a href=\"https:\/\/www.camara.leg.br\/evento-legislativo\/81635\">Veja quem foi convidado<\/a><\/p>\n<p data-start=\"58\" data-end=\"404\">M\u00e1rcio Honaiser \u00e9 autor do Projeto de Lei Complementar (PLP) 95\/24, que altera <a class=\"linkLegislacao\" href=\"https:\/\/www2.camara.gov.br\/legin\/fed\/leicom\/2000\/leicomplementar-101-4-maio-2000-351480-norma-pl.html\">Lei de Responsabilidade Fiscal<\/a>, para incluir as despesas com defesa agropecu\u00e1ria entre aquelas que n\u00e3o podem ser objeto de limita\u00e7\u00e3o de empenho e movimenta\u00e7\u00e3o financeira \u2014 ao lado das obriga\u00e7\u00f5es constitucionais, do servi\u00e7o da d\u00edvida e das despesas com inova\u00e7\u00e3o e desenvolvimento cient\u00edfico e tecnol\u00f3gico.<\/p>\n<p data-start=\"58\" data-end=\"404\">Para o deputado a proposta \u201cbusca assegurar estabilidade e previsibilidade no financiamento das a\u00e7\u00f5es de defesa agropecu\u00e1ria, reconhecendo o car\u00e1ter estrat\u00e9gico dessas atividades para a economia nacional, para a seguran\u00e7a alimentar e para a prote\u00e7\u00e3o do patrim\u00f4nio sanit\u00e1rio do Pa\u00eds\u201d.<\/p>\n<p style=\"font-size: 0.8rem; font-weight: 700;\">Da Reda\u00e7\u00e3o \u2013 RL<\/p>\n<\/p><\/div>\n<\/p><\/div>\n<p><br \/>\n<br \/><a href=\"https:\/\/www.camara.leg.br\/noticias\/1262845-comissao-debate-impactos-do-contingenciamento-orcamentario-na-defesa-agropecuaria\/\">postagem original <\/a><\/p>\n","protected":false},"excerpt":{"rendered":"<p>16\/04\/2026 &#8211; 08:03 \u00a0 Divulga\u00e7\u00e3o\/Ag\u00eancia de Not\u00edcias do Paran\u00e1 A defesa agropecu\u00e1ria inclui a\u00e7\u00f5es de vigil\u00e2ncia e defesa sanit\u00e1ria vegetal e animal A Comiss\u00e3o de Agricultura, Pecu\u00e1ria, Abastecimento e Desenvolvimento Rural da C\u00e2mara dos Deputados realiza, nesta quinta-feira (16), audi\u00eancia p\u00fablica sobre os impactos do contingenciamento or\u00e7ament\u00e1rio na defesa agropecu\u00e1ria. A defesa agropecu\u00e1ria inclui a\u00e7\u00f5es [&hellip;]<\/p>\n","protected":false},"author":1,"featured_media":1379,"comment_status":"open","ping_status":"open","sticky":false,"template":"","format":"standard","meta":{"_joinchat":[],"footnotes":""},"categories":[1],"tags":[],"_links":{"self":[{"href":"https:\/\/radioutubeoreiestavoltando.sitetopfm.com.br\/site\/wp-json\/wp\/v2\/posts\/1378"}],"collection":[{"href":"https:\/\/radioutubeoreiestavoltando.sitetopfm.com.br\/site\/wp-json\/wp\/v2\/posts"}],"about":[{"href":"https:\/\/radioutubeoreiestavoltando.sitetopfm.com.br\/site\/wp-json\/wp\/v2\/types\/post"}],"author":[{"embeddable":true,"href":"https:\/\/radioutubeoreiestavoltando.sitetopfm.com.br\/site\/wp-json\/wp\/v2\/users\/1"}],"replies":[{"embeddable":true,"href":"https:\/\/radioutubeoreiestavoltando.sitetopfm.com.br\/site\/wp-json\/wp\/v2\/comments?post=1378"}],"version-history":[{"count":0,"href":"https:\/\/radioutubeoreiestavoltando.sitetopfm.com.br\/site\/wp-json\/wp\/v2\/posts\/1378\/revisions"}],"wp:featuredmedia":[{"embeddable":true,"href":"https:\/\/radioutubeoreiestavoltando.sitetopfm.com.br\/site\/wp-json\/wp\/v2\/media\/1379"}],"wp:attachment":[{"href":"https:\/\/radioutubeoreiestavoltando.sitetopfm.com.br\/site\/wp-json\/wp\/v2\/media?parent=1378"}],"wp:term":[{"taxonomy":"category","embeddable":true,"href":"https:\/\/radioutubeoreiestavoltando.sitetopfm.com.br\/site\/wp-json\/wp\/v2\/categories?post=1378"},{"taxonomy":"post_tag","embeddable":true,"href":"https:\/\/radioutubeoreiestavoltando.sitetopfm.com.br\/site\/wp-json\/wp\/v2\/tags?post=1378"}],"curies":[{"name":"wp","href":"https:\/\/api.w.org\/{rel}","templated":true}]}}